{"id":382,"date":"2025-03-28T22:46:54","date_gmt":"2025-03-28T22:46:54","guid":{"rendered":"https:\/\/www.metaprof.pt\/wp\/?p=382"},"modified":"2025-03-28T22:46:54","modified_gmt":"2025-03-28T22:46:54","slug":"relatorio-deep","status":"publish","type":"post","link":"https:\/\/www.metaprof.pt\/wp\/2025\/03\/28\/relatorio-deep\/","title":{"rendered":"Relat\u00f3rio DEEP"},"content":{"rendered":"\n<p>Debilidades infraestruturais nas Escolas P\u00fablicas<\/p>\n\n\n\n<p>Relat\u00f3rio &#8211; mar\u00e7o 2025<\/p>\n\n\n\n<p><a href=\"https:\/\/www.metaprof.pt\/relatorios\/deep\/marco-2025\">https:\/\/www.metaprof.pt\/relatorios\/deep\/marco-2025<\/a><\/p>\n\n\n\n<figure class=\"wp-block-image size-large\"><a href=\"https:\/\/www.metaprof.pt\/relatorios\/deep\/marco-2025\/\"><img loading=\"lazy\" decoding=\"async\" width=\"1024\" height=\"385\" src=\"https:\/\/www.metaprof.pt\/wp\/wp-content\/uploads\/2025\/03\/Captura-de-ecra-2025-03-28-as-22.45.55-1024x385.png\" alt=\"\" class=\"wp-image-383\" srcset=\"https:\/\/www.metaprof.pt\/wp\/wp-content\/uploads\/2025\/03\/Captura-de-ecra-2025-03-28-as-22.45.55-1024x385.png 1024w, https:\/\/www.metaprof.pt\/wp\/wp-content\/uploads\/2025\/03\/Captura-de-ecra-2025-03-28-as-22.45.55-300x113.png 300w, https:\/\/www.metaprof.pt\/wp\/wp-content\/uploads\/2025\/03\/Captura-de-ecra-2025-03-28-as-22.45.55-768x289.png 768w, https:\/\/www.metaprof.pt\/wp\/wp-content\/uploads\/2025\/03\/Captura-de-ecra-2025-03-28-as-22.45.55.png 1154w\" sizes=\"auto, (max-width: 1024px) 100vw, 1024px\" \/><\/a><\/figure>\n\n\n\n<p>Este relat\u00f3rio analisa as car\u00eancias infraestruturais das escolas p\u00fablicas em Portugal continental. Com base na an\u00e1lise de dados, s\u00e3o identificadas \u00e1reas de interven\u00e7\u00e3o priorit\u00e1rias e propostas recomenda\u00e7\u00f5es para a mitiga\u00e7\u00e3o dos problemas. O estudo tamb\u00e9m estabelece correla\u00e7\u00f5es com outros dados recolhidos pela metaPROF, com o objetivo de fornecer uma vis\u00e3o abrangente sobre cada uma das escolas e fomentar a participa\u00e7\u00e3o da comunidade educativa na resolu\u00e7\u00e3o dos problemas.<\/p>\n\n\n\n<p><\/p>\n","protected":false},"excerpt":{"rendered":"<p>Debilidades infraestruturais nas Escolas P\u00fablicas Relat\u00f3rio &#8211; mar\u00e7o 2025 https:\/\/www.metaprof.pt\/relatorios\/deep\/marco-2025 Este relat\u00f3rio analisa as car\u00eancias infraestruturais das escolas p\u00fablicas em Portugal continental. Com base na an\u00e1lise de dados, s\u00e3o identificadas \u00e1reas de interven\u00e7\u00e3o priorit\u00e1rias e propostas recomenda\u00e7\u00f5es para a mitiga\u00e7\u00e3o dos problemas. O estudo tamb\u00e9m estabelece correla\u00e7\u00f5es com outros dados recolhidos pela metaPROF, com o [&hellip;]<\/p>\n","protected":false},"author":1,"featured_media":0,"comment_status":"open","ping_status":"open","sticky":false,"template":"","format":"standard","meta":{"footnotes":""},"categories":[1],"tags":[],"class_list":["post-382","post","type-post","status-publish","format-standard","hentry","category-uncategorized"],"_links":{"self":[{"href":"https:\/\/www.metaprof.pt\/wp\/wp-json\/wp\/v2\/posts\/382","targetHints":{"allow":["GET"]}}],"collection":[{"href":"https:\/\/www.metaprof.pt\/wp\/wp-json\/wp\/v2\/posts"}],"about":[{"href":"https:\/\/www.metaprof.pt\/wp\/wp-json\/wp\/v2\/types\/post"}],"author":[{"embeddable":true,"href":"https:\/\/www.metaprof.pt\/wp\/wp-json\/wp\/v2\/users\/1"}],"replies":[{"embeddable":true,"href":"https:\/\/www.metaprof.pt\/wp\/wp-json\/wp\/v2\/comments?post=382"}],"version-history":[{"count":1,"href":"https:\/\/www.metaprof.pt\/wp\/wp-json\/wp\/v2\/posts\/382\/revisions"}],"predecessor-version":[{"id":384,"href":"https:\/\/www.metaprof.pt\/wp\/wp-json\/wp\/v2\/posts\/382\/revisions\/384"}],"wp:attachment":[{"href":"https:\/\/www.metaprof.pt\/wp\/wp-json\/wp\/v2\/media?parent=382"}],"wp:term":[{"taxonomy":"category","embeddable":true,"href":"https:\/\/www.metaprof.pt\/wp\/wp-json\/wp\/v2\/categories?post=382"},{"taxonomy":"post_tag","embeddable":true,"href":"https:\/\/www.metaprof.pt\/wp\/wp-json\/wp\/v2\/tags?post=382"}],"curies":[{"name":"wp","href":"https:\/\/api.w.org\/{rel}","templated":true}]}}